{"id":1221,"date":"2025-05-20T06:07:37","date_gmt":"2025-05-20T06:07:37","guid":{"rendered":"https:\/\/isaakisaak.com\/?p=1221"},"modified":"2025-05-20T06:08:41","modified_gmt":"2025-05-20T06:08:41","slug":"riksdagen","status":"publish","type":"post","link":"https:\/\/isaakisaak.com\/index.php\/2025\/05\/20\/riksdagen\/","title":{"rendered":"Riksdagen"},"content":{"rendered":"\t\t<div data-elementor-type=\"wp-post\" data-elementor-id=\"1221\" class=\"elementor elementor-1221\" data-elementor-post-type=\"post\">\n\t\t\t\t<div class=\"elementor-element elementor-element-0ce69c1 e-flex e-con-boxed e-con e-parent\" data-id=\"0ce69c1\" data-element_type=\"container\" data-settings=\"{&quot;background_background&quot;:&quot;classic&quot;}\">\n\t\t\t\t\t<div class=\"e-con-inner\">\n\t\t<div class=\"elementor-element elementor-element-05d9021 e-con-full e-flex e-con e-child\" data-id=\"05d9021\" data-element_type=\"container\">\n\t\t<div class=\"elementor-element elementor-element-d5c39ad e-con-full e-flex e-con e-child\" data-id=\"d5c39ad\" data-element_type=\"container\" data-settings=\"{&quot;background_background&quot;:&quot;classic&quot;}\">\n\t\t<div class=\"elementor-element elementor-element-c154561 e-con-full e-flex e-con e-child\" data-id=\"c154561\" data-element_type=\"container\">\n\t\t\t\t<div class=\"elementor-element elementor-element-82da1f2 elementor-widget elementor-widget-text-editor\" data-id=\"82da1f2\" data-element_type=\"widget\" data-widget_type=\"text-editor.default\">\n\t\t\t\t<div class=\"elementor-widget-container\">\n\t\t\t\t\t\t\t\t\t<p>Idag talade vi alla tre i riksdagen. Betlehem talade om Eritrea och Sveriges relation historiskt s\u00e4tt. Danait talade om Eritreanska diasporan i Sverige och hur de finns splittringar inom den. Esayas kom in p\u00e5 eritreanska f\u00f6reningar i Sverige och eritreanska disporans f\u00f6rtryck gentemot regimkritiker.Det blev ett v\u00e4ldigt lyckat seminarium, vi \u00f6ppnade upp f\u00f6r massa intressanta fr\u00e5gor och f\u00f6rslag.Vi pratade \u00e4ven om v\u00e5r insamlingsstiftelse. Tack f\u00f6r alla som tog sin tid att komma och engagera sig.<\/p>\t\t\t\t\t\t\t\t<\/div>\n\t\t\t\t<\/div>\n\t\t\t\t<\/div>\n\t\t\t\t<div class=\"elementor-element elementor-element-b90fa0c elementor-widget elementor-widget-image\" data-id=\"b90fa0c\" data-element_type=\"widget\" data-widget_type=\"image.default\">\n\t\t\t\t<div class=\"elementor-widget-container\">\n\t\t\t\t\t\t\t\t\t\t\t\t\t\t\t<img fetchpriority=\"high\" decoding=\"async\" width=\"1002\" height=\"757\" src=\"https:\/\/isaakisaak.com\/wp-content\/uploads\/2025\/01\/Skarmavbild-2025-05-09-kl.-10.58.04.png\" class=\"attachment-full size-full wp-image-526\" alt=\"\" srcset=\"https:\/\/isaakisaak.com\/wp-content\/uploads\/2025\/01\/Skarmavbild-2025-05-09-kl.-10.58.04.png 1002w, https:\/\/isaakisaak.com\/wp-content\/uploads\/2025\/01\/Skarmavbild-2025-05-09-kl.-10.58.04-300x227.png 300w, https:\/\/isaakisaak.com\/wp-content\/uploads\/2025\/01\/Skarmavbild-2025-05-09-kl.-10.58.04-768x580.png 768w\" sizes=\"(max-width: 1002px) 100vw, 1002px\" \/>\t\t\t\t\t\t\t\t\t\t\t\t\t\t\t<\/div>\n\t\t\t\t<\/div>\n\t\t\t\t<\/div>\n\t\t\t\t<\/div>\n\t\t\t\t\t<\/div>\n\t\t\t\t<\/div>\n\t\t\t\t<\/div>\n\t\t","protected":false},"excerpt":{"rendered":"<p>Idag talade vi alla tre i riksdagen. Betlehem talade om Eritrea och Sveriges relation historiskt s\u00e4tt. Danait talade om Eritreanska diasporan i Sverige och hur de finns splittringar inom den. Esayas kom in p\u00e5 eritreanska f\u00f6reningar i Sverige och eritreanska disporans f\u00f6rtryck gentemot regimkritiker.Det blev ett v\u00e4ldigt lyckat seminarium, vi \u00f6ppnade upp f\u00f6r massa intressanta [&hellip;]<\/p>\n","protected":false},"author":1,"featured_media":526,"comment_status":"open","ping_status":"open","sticky":false,"template":"","format":"standard","meta":{"footnotes":""},"categories":[1],"tags":[],"class_list":["post-1221","post","type-post","status-publish","format-standard","has-post-thumbnail","hentry","category-uncategorized"],"jetpack_featured_media_url":"https:\/\/isaakisaak.com\/wp-content\/uploads\/2025\/01\/Skarmavbild-2025-05-09-kl.-10.58.04.png","_links":{"self":[{"href":"https:\/\/isaakisaak.com\/index.php\/wp-json\/wp\/v2\/posts\/1221","targetHints":{"allow":["GET"]}}],"collection":[{"href":"https:\/\/isaakisaak.com\/index.php\/wp-json\/wp\/v2\/posts"}],"about":[{"href":"https:\/\/isaakisaak.com\/index.php\/wp-json\/wp\/v2\/types\/post"}],"author":[{"embeddable":true,"href":"https:\/\/isaakisaak.com\/index.php\/wp-json\/wp\/v2\/users\/1"}],"replies":[{"embeddable":true,"href":"https:\/\/isaakisaak.com\/index.php\/wp-json\/wp\/v2\/comments?post=1221"}],"version-history":[{"count":7,"href":"https:\/\/isaakisaak.com\/index.php\/wp-json\/wp\/v2\/posts\/1221\/revisions"}],"predecessor-version":[{"id":1228,"href":"https:\/\/isaakisaak.com\/index.php\/wp-json\/wp\/v2\/posts\/1221\/revisions\/1228"}],"wp:featuredmedia":[{"embeddable":true,"href":"https:\/\/isaakisaak.com\/index.php\/wp-json\/wp\/v2\/media\/526"}],"wp:attachment":[{"href":"https:\/\/isaakisaak.com\/index.php\/wp-json\/wp\/v2\/media?parent=1221"}],"wp:term":[{"taxonomy":"category","embeddable":true,"href":"https:\/\/isaakisaak.com\/index.php\/wp-json\/wp\/v2\/categories?post=1221"},{"taxonomy":"post_tag","embeddable":true,"href":"https:\/\/isaakisaak.com\/index.php\/wp-json\/wp\/v2\/tags?post=1221"}],"curies":[{"name":"wp","href":"https:\/\/api.w.org\/{rel}","templated":true}]}}