{"id":1709,"date":"2025-10-30T19:08:00","date_gmt":"2025-10-30T19:08:00","guid":{"rendered":"https:\/\/isaakisaak.com\/?p=1709"},"modified":"2025-11-02T19:09:56","modified_gmt":"2025-11-02T19:09:56","slug":"invigning-av-kulturhyllan-och-dawit-isaak-biblioteket-i-malmo","status":"publish","type":"post","link":"https:\/\/isaakisaak.com\/index.php\/2025\/10\/30\/invigning-av-kulturhyllan-och-dawit-isaak-biblioteket-i-malmo\/","title":{"rendered":"Invigning av Kulturhyllan och Dawit Isaak biblioteket i Malm\u00f6"},"content":{"rendered":"\t\t<div data-elementor-type=\"wp-post\" data-elementor-id=\"1709\" class=\"elementor elementor-1709\" data-elementor-post-type=\"post\">\n\t\t\t\t<div class=\"elementor-element elementor-element-2bd73f6 e-flex e-con-boxed e-con e-parent\" data-id=\"2bd73f6\" data-element_type=\"container\">\n\t\t\t\t\t<div class=\"e-con-inner\">\n\t\t\t\t<div class=\"elementor-element elementor-element-e2741b2 elementor-widget elementor-widget-text-editor\" data-id=\"e2741b2\" data-element_type=\"widget\" data-widget_type=\"text-editor.default\">\n\t\t\t\t<div class=\"elementor-widget-container\">\n\t\t\t\t\t\t\t\t\t<h3 data-start=\"112\" data-end=\"157\">Vi var med p\u00e5 invigningen av Kulturhyllan och Dawit Isaak biblioteket i Malm\u00f6<\/h3><p data-start=\"159\" data-end=\"405\">I g\u00e5r deltog vi vid invigningen av <strong data-start=\"194\" data-end=\"236\">Kulturhyllan \u2013 Dawit Isaak-biblioteket<\/strong>, ett bibliotek helt dedikerat till yttrandefrihet. H\u00e4r f\u00e5r alla b\u00f6cker finnas. H\u00e4r sorteras b\u00f6cker inte bort, h\u00e4r censureras inte. Det \u00e4r just detta som g\u00f6r platsen s\u00e5 viktig.<\/p><p data-start=\"407\" data-end=\"629\">Esayas och Betlehem var p\u00e5 plats och var tv\u00e5 av kv\u00e4llens talare. De ber\u00e4ttade om stiftelsens arbete, och om varf\u00f6r v\u00e5rt engagemang alltid b\u00f6rjar i familjens erfarenhet: att leva n\u00e4ra n\u00e5gon som frihetsber\u00f6vats f\u00f6r sina ord.<\/p><p data-start=\"631\" data-end=\"885\">Det k\u00e4nns stort och fint att biblioteksdelen b\u00e4r <strong data-start=\"680\" data-end=\"695\">Dawits namn<\/strong>. Vi k\u00e4nner stolthet \u2013 och sorg. Men framf\u00f6r allt k\u00e4nner vi att detta \u00e4r en plats d\u00e4r hans r\u00f6st forts\u00e4tter att leva, och d\u00e4r l\u00e4sare p\u00e5minns om att litteratur och tankar alltid ska vara fria.<\/p><p data-start=\"887\" data-end=\"997\" data-is-last-node=\"\" data-is-only-node=\"\">Tack till er som kom. Tack till alla som forts\u00e4tter att st\u00e5 upp f\u00f6r ordets frihet. Det betyder mer \u00e4n ni tror.<br \/><br \/>Tack till <a href=\"https:\/\/malmo.se\/dawitisaakbiblioteket?fbclid=PAZXh0bgNhZW0CMTEAAafB9GpznzWoQqkevj02-UaZS_UzZqooP9Gy6v0MdPiFUCn0s22P9XMJFo9SAg_aem_gg1wqp6OwVmZdGNlTIAIoA\">Dawit Isaak biblioteket i Malm\u00f6<\/a><\/p>\t\t\t\t\t\t\t\t<\/div>\n\t\t\t\t<\/div>\n\t\t\t\t\t<\/div>\n\t\t\t\t<\/div>\n\t\t<div class=\"elementor-element elementor-element-49bd2db e-flex e-con-boxed e-con e-parent\" data-id=\"49bd2db\" data-element_type=\"container\">\n\t\t\t\t\t<div class=\"e-con-inner\">\n\t\t\t\t<div class=\"elementor-element elementor-element-b1a7cce elementor-widget elementor-widget-image\" data-id=\"b1a7cce\" data-element_type=\"widget\" data-widget_type=\"image.default\">\n\t\t\t\t<div class=\"elementor-widget-container\">\n\t\t\t\t\t\t\t\t\t\t\t\t\t\t\t<img fetchpriority=\"high\" decoding=\"async\" width=\"800\" height=\"995\" src=\"https:\/\/isaakisaak.com\/wp-content\/uploads\/2025\/11\/dawitbibliotketee-823x1024.png\" class=\"attachment-large size-large wp-image-1711\" alt=\"\" srcset=\"https:\/\/isaakisaak.com\/wp-content\/uploads\/2025\/11\/dawitbibliotketee-823x1024.png 823w, https:\/\/isaakisaak.com\/wp-content\/uploads\/2025\/11\/dawitbibliotketee-241x300.png 241w, https:\/\/isaakisaak.com\/wp-content\/uploads\/2025\/11\/dawitbibliotketee-768x955.png 768w, https:\/\/isaakisaak.com\/wp-content\/uploads\/2025\/11\/dawitbibliotketee.png 988w\" sizes=\"(max-width: 800px) 100vw, 800px\" \/>\t\t\t\t\t\t\t\t\t\t\t\t\t\t\t<\/div>\n\t\t\t\t<\/div>\n\t\t\t\t\t<\/div>\n\t\t\t\t<\/div>\n\t\t\t\t<\/div>\n\t\t","protected":false},"excerpt":{"rendered":"<p>Vi var med p\u00e5 invigningen av Kulturhyllan och Dawit Isaak biblioteket i Malm\u00f6 I g\u00e5r deltog vi vid invigningen av Kulturhyllan \u2013 Dawit Isaak-biblioteket, ett bibliotek helt dedikerat till yttrandefrihet. H\u00e4r f\u00e5r alla b\u00f6cker finnas. H\u00e4r sorteras b\u00f6cker inte bort, h\u00e4r censureras inte. Det \u00e4r just detta som g\u00f6r platsen s\u00e5 viktig. Esayas och Betlehem [&hellip;]<\/p>\n","protected":false},"author":1,"featured_media":1711,"comment_status":"open","ping_status":"open","sticky":false,"template":"","format":"standard","meta":{"footnotes":""},"categories":[1],"tags":[],"class_list":["post-1709","post","type-post","status-publish","format-standard","has-post-thumbnail","hentry","category-uncategorized"],"jetpack_featured_media_url":"https:\/\/isaakisaak.com\/wp-content\/uploads\/2025\/11\/dawitbibliotketee.png","_links":{"self":[{"href":"https:\/\/isaakisaak.com\/index.php\/wp-json\/wp\/v2\/posts\/1709","targetHints":{"allow":["GET"]}}],"collection":[{"href":"https:\/\/isaakisaak.com\/index.php\/wp-json\/wp\/v2\/posts"}],"about":[{"href":"https:\/\/isaakisaak.com\/index.php\/wp-json\/wp\/v2\/types\/post"}],"author":[{"embeddable":true,"href":"https:\/\/isaakisaak.com\/index.php\/wp-json\/wp\/v2\/users\/1"}],"replies":[{"embeddable":true,"href":"https:\/\/isaakisaak.com\/index.php\/wp-json\/wp\/v2\/comments?post=1709"}],"version-history":[{"count":6,"href":"https:\/\/isaakisaak.com\/index.php\/wp-json\/wp\/v2\/posts\/1709\/revisions"}],"predecessor-version":[{"id":1716,"href":"https:\/\/isaakisaak.com\/index.php\/wp-json\/wp\/v2\/posts\/1709\/revisions\/1716"}],"wp:featuredmedia":[{"embeddable":true,"href":"https:\/\/isaakisaak.com\/index.php\/wp-json\/wp\/v2\/media\/1711"}],"wp:attachment":[{"href":"https:\/\/isaakisaak.com\/index.php\/wp-json\/wp\/v2\/media?parent=1709"}],"wp:term":[{"taxonomy":"category","embeddable":true,"href":"https:\/\/isaakisaak.com\/index.php\/wp-json\/wp\/v2\/categories?post=1709"},{"taxonomy":"post_tag","embeddable":true,"href":"https:\/\/isaakisaak.com\/index.php\/wp-json\/wp\/v2\/tags?post=1709"}],"curies":[{"name":"wp","href":"https:\/\/api.w.org\/{rel}","templated":true}]}}